{"id":1373,"date":"2025-04-21T23:49:13","date_gmt":"2025-04-21T23:49:13","guid":{"rendered":"https:\/\/impactorthocenter.com\/blog\/?p=1373"},"modified":"2026-04-21T21:49:19","modified_gmt":"2026-04-21T21:49:19","slug":"personlig-malsattning-och-digital-verktygsdesign-att-starka-mental-hallbarhet-i-en-digital-varld","status":"publish","type":"post","link":"https:\/\/impactorthocenter.com\/blog\/personlig-malsattning-och-digital-verktygsdesign-att-starka-mental-hallbarhet-i-en-digital-varld\/","title":{"rendered":"Personlig M\u00e5ls\u00e4ttning och Digital Verktygsdesign: Att St\u00e4rka Mental H\u00e5llbarhet i En Digital V\u00e4rld"},"content":{"rendered":"<h2>Inledning: Den Digitala Transformationens P\u00e5verkan p\u00e5 Personligt M\u00e5l och Mental H\u00e4lsa<\/h2>\n<p>Under det senaste decenniet har digitala verktyg blivit centrala f\u00f6r att hantera vardagens komplexitet, s\u00e4rskilt inom omr\u00e5den som personlig produktivitet, h\u00e4lsa och livsbalans. Digitala plattformar spelar en avg\u00f6rande roll i att hj\u00e4lpa individer att definiera, f\u00f6lja upp och justera sina m\u00e5l. Men med \u00f6kande digitalisering kommer \u00e4ven utmaningen att bevara mental h\u00e4lsa och skapa h\u00e5llbara beteendef\u00f6r\u00e4ndringar.<\/p>\n<h2>F\u00f6rst\u00e5else f\u00f6r Digitala Verktyg f\u00f6r Personlig M\u00e5lhantering<\/h2>\n<p>Forskning visar att anv\u00e4ndning av m\u00e5lhanteringsapplikationer kan leda till \u00f6kad motivation och f\u00f6rb\u00e4ttrad sj\u00e4lvreglering. En studie publicerad i <em>Journal of Behavioral Health<\/em> (2022) visar att personer som aktivt anv\u00e4nder digitala verktyg f\u00f6r att sp\u00e5ra sina m\u00e5l rapporterar h\u00f6gre niv\u00e5er av sj\u00e4lvst\u00e4ndighet och m\u00e5lmedvetenhet.<\/p>\n<p>Men det \u00e4r inte bara att ha tillg\u00e5ng till ett verktyg; det handlar om att v\u00e4lja r\u00e4tt plattform som erbjuder intuitiv anv\u00e4ndarupplevelse och anpassningsm\u00f6jligheter f\u00f6r att skapa en h\u00e5llbar vana.<\/p>\n<h2>Den Psykologiska Aspekten av Digitala M\u00e5lverktyg<\/h2>\n<blockquote class=\"quote\"><p>\n&#8220;Att framg\u00e5ngsrikt anv\u00e4nda digitala m\u00e5lverktyg kr\u00e4ver inte bara teknikens st\u00f6d, utan ocks\u00e5 f\u00f6rst\u00e5else f\u00f6r individens psykologiska behov. Verktyg som underl\u00e4ttar sj\u00e4lvk\u00e4nnedom, sj\u00e4lvdistans och konsekvent reflektion har visat sig \u00f6ka motivationen och minska stress.&#8221; \u2013 Dr. Lisa Nystr\u00f6m, psykolog och ekspert inom beteendeframkallande teknologi.\n<\/p><\/blockquote>\n<h2>Framg\u00e5ngsfaktorer f\u00f6r Digital M\u00e5lstyrning som fr\u00e4mjar mental h\u00e4lsa<\/h2>\n<ul>\n<li><strong>Personlig anpassning:<\/strong> Verktyg b\u00f6r kunna modifieras efter individuella m\u00e5l och motivationsfaktorer.<\/li>\n<li><strong>Progressiv bel\u00f6ning och positiv feedback:<\/strong> Att fira sm\u00e5 framg\u00e5ngar st\u00e4rker sj\u00e4lvk\u00e4nslan.<\/li>\n<li><strong>Reflektionsm\u00f6jligheter:<\/strong> Dagliga eller veckovisa reflektioner f\u00f6rebygger utbr\u00e4ndhet och \u00f6kar sj\u00e4lvmedvetenheten.<\/li>\n<li><strong>Data och insikter:<\/strong> Visualisering av framsteg st\u00e4rker k\u00e4nslan av framg\u00e5ng och \u00f6kar engagemanget.<\/li>\n<\/ul>\n<h2>Teknologisk Innovation och Personligt Engagement<\/h2>\n<p>Med den teknologiska utvecklingen kan digitala verktyg anpassas dynamiskt f\u00f6r att svara mot individens f\u00f6r\u00e4ndrade behov. Plattformar som integrerar artificiell intelligens kan fungera som personliga coacher, vilket till\u00e5ter en mera holistisk och h\u00e5llbar approach till m\u00e5ls\u00e4ttning. I detta sammanhang \u00e4r det avg\u00f6rande att verktygen inte bara \u00e4r funktionella utan ocks\u00e5 underst\u00f6djer en positiv, motiverande anv\u00e4ndarupplevelse.<\/p>\n<h2>Integration av Digitala Verktyg i Det Dagliga Livet<\/h2>\n<p>Trots den positiva potentialen m\u00e5ste vi vara medvetna om riskerna f\u00f6r \u00f6veranv\u00e4ndning, stress och digital utbr\u00e4ndhet. Att hitta en balanserad anv\u00e4ndning av dessa verktyg \u00e4r centralt f\u00f6r att s\u00e4kerst\u00e4lla att de bidrar till, inte tar bort fr\u00e5n, v\u00e4lbefinnandet.<\/p>\n<p>En effektiv l\u00f6sning \u00e4r att involvera externa professionella, som psykologer eller coacher, i m\u00e5lprocessen och att anv\u00e4nda digitala verktyg som st\u00f6d snarare \u00e4n ers\u00e4ttning f\u00f6r m\u00e4nsklig kontakt.<\/p>\n<h2>Praktiskt exempel: Att starta med en Plattform<\/h2>\n<p>N\u00e4r du \u00e4r redo att implementera ett digitalt m\u00e5lhanteringssystem f\u00f6r att f\u00f6rb\u00e4ttra din mental h\u00e4lsa och produktivitet, finns det flera alternativ. En av de mest anv\u00e4ndarv\u00e4nliga och innovativa l\u00f6sningarna p\u00e5 marknaden \u00e4r <a aria-label=\"installera My ChampionGoal p\u00e5 iOS\" href=\"https:\/\/mychampiongoal.app\/sv\/\" target=\"_blank\" rel=\"noopener\">installera My ChampionGoal p\u00e5 iOS<\/a>. Denna plattform kombinerar intuitiv design med kraftfulla funktioner f\u00f6r att hj\u00e4lpa dig att visualisera, f\u00f6lja och anpassa dina m\u00e5l, p\u00e5 ett s\u00e4tt som fr\u00e4mjar b\u00e5de framg\u00e5ng och mentalt v\u00e4lbefinnande.<\/p>\n<h2>Sammanfattning: Att Fr\u00e4mja H\u00e5llbara M\u00e5l f\u00f6r en H\u00e4lsosam Digital Livsstil<\/h2>\n<p>Det \u00e4r tydligt att digitala verktyg, n\u00e4r de anv\u00e4nds r\u00e4tt, kan bli kraftfulla allierade till personlig utveckling och mental h\u00e4lsa. Genom att v\u00e4lja plattformar som st\u00f6der individens behov och fr\u00e4mjar positiva vanor, kan vi skapa en h\u00e5llbar relation till teknologi, n\u00e5got som passar in i ett holistic h\u00e4lsoperspektiv.<\/p>\n<p>Att installera My ChampionGoal p\u00e5 iOS \u00e4r ett steg mot att effektivisera och strukturera din m\u00e5l- och motivationsprocess, vilket i sin tur st\u00e4rker din mentala h\u00e4lsa och personliga utveckling.<\/p>\n","protected":false},"excerpt":{"rendered":"<p>Inledning: Den Digitala Transformationens P\u00e5verkan p\u00e5 Personligt M\u00e5l och Mental H\u00e4lsa Under det senaste decenniet har digitala verktyg blivit centrala &#8230; <\/p>\n<p class=\"read-more-container\"><a title=\"Personlig M\u00e5ls\u00e4ttning och Digital Verktygsdesign: Att St\u00e4rka Mental H\u00e5llbarhet i En Digital V\u00e4rld\" class=\"read-more button\" href=\"https:\/\/impactorthocenter.com\/blog\/personlig-malsattning-och-digital-verktygsdesign-att-starka-mental-hallbarhet-i-en-digital-varld\/#more-1373\" aria-label=\"Read more about Personlig M\u00e5ls\u00e4ttning och Digital Verktygsdesign: Att St\u00e4rka Mental H\u00e5llbarhet i En Digital V\u00e4rld\">Read more<\/a><\/p>\n","protected":false},"author":1,"featured_media":0,"comment_status":"open","ping_status":"open","sticky":false,"template":"","format":"standard","meta":{"footnotes":""},"categories":[1],"tags":[],"class_list":["post-1373","post","type-post","status-publish","format-standard","hentry","category-uncategorized"],"_links":{"self":[{"href":"https:\/\/impactorthocenter.com\/blog\/wp-json\/wp\/v2\/posts\/1373","targetHints":{"allow":["GET"]}}],"collection":[{"href":"https:\/\/impactorthocenter.com\/blog\/wp-json\/wp\/v2\/posts"}],"about":[{"href":"https:\/\/impactorthocenter.com\/blog\/wp-json\/wp\/v2\/types\/post"}],"author":[{"embeddable":true,"href":"https:\/\/impactorthocenter.com\/blog\/wp-json\/wp\/v2\/users\/1"}],"replies":[{"embeddable":true,"href":"https:\/\/impactorthocenter.com\/blog\/wp-json\/wp\/v2\/comments?post=1373"}],"version-history":[{"count":1,"href":"https:\/\/impactorthocenter.com\/blog\/wp-json\/wp\/v2\/posts\/1373\/revisions"}],"predecessor-version":[{"id":1374,"href":"https:\/\/impactorthocenter.com\/blog\/wp-json\/wp\/v2\/posts\/1373\/revisions\/1374"}],"wp:attachment":[{"href":"https:\/\/impactorthocenter.com\/blog\/wp-json\/wp\/v2\/media?parent=1373"}],"wp:term":[{"taxonomy":"category","embeddable":true,"href":"https:\/\/impactorthocenter.com\/blog\/wp-json\/wp\/v2\/categories?post=1373"},{"taxonomy":"post_tag","embeddable":true,"href":"https:\/\/impactorthocenter.com\/blog\/wp-json\/wp\/v2\/tags?post=1373"}],"curies":[{"name":"wp","href":"https:\/\/api.w.org\/{rel}","templated":true}]}}